{"id":28452,"date":"2023-09-05T12:01:42","date_gmt":"2023-09-05T10:01:42","guid":{"rendered":"https:\/\/www.couth.com\/couth-estara-presente-en-la-feria-emo-hannover-2023\/"},"modified":"2023-09-08T13:09:14","modified_gmt":"2023-09-08T11:09:14","slug":"couth-estara-presente-en-la-feria-emo-hannover-2023","status":"publish","type":"post","link":"https:\/\/www.couth.com\/pt-pt\/couth-estara-presente-en-la-feria-emo-hannover-2023\/","title":{"rendered":"A COUTH estar\u00e1 presente na EMO Hannover 2023"},"content":{"rendered":"<p>[et_pb_section fb_built=&#8221;1&#8243; admin_label=&#8221;section&#8221; _builder_version=&#8221;4.16&#8243; global_colors_info=&#8221;{}&#8221; theme_builder_area=&#8221;post_content&#8221;][et_pb_row admin_label=&#8221;row&#8221; _builder_version=&#8221;4.16&#8243; background_size=&#8221;initial&#8221; background_position=&#8221;top_left&#8221; background_repeat=&#8221;repeat&#8221; global_colors_info=&#8221;{}&#8221; theme_builder_area=&#8221;post_content&#8221;][et_pb_column type=&#8221;4_4&#8243; _builder_version=&#8221;4.16&#8243; custom_padding=&#8221;|||&#8221; global_colors_info=&#8221;{}&#8221; custom_padding__hover=&#8221;|||&#8221; theme_builder_area=&#8221;post_content&#8221;][et_pb_text _builder_version=&#8221;4.17.6&#8243; _module_preset=&#8221;default&#8221; hover_enabled=&#8221;0&#8243; global_colors_info=&#8221;{}&#8221; theme_builder_area=&#8221;post_content&#8221; sticky_enabled=&#8221;0&#8243;]<\/p>\n<p class=\"zw-paragraph\" data-margin-bottom=\"0pt\" data-line-height=\"1\" data-doc-id=\"4361867000014022004\" data-doc-type=\"writer\">&#8220;Innovate Manufacturing&#8221; \u00e9 o novo lema da EMO Hannover 2023, que se celebrar\u00e1 de 18 a 23 de setembro na Messe Hannover, e que abordar\u00e1 os principais desafios que a ind\u00fastria enfrentar\u00e1 nos pr\u00f3ximos meses e anos.<\/p>\n<p class=\"zw-paragraph\" data-margin-bottom=\"0pt\" data-line-height=\"1\">A COUTH participar\u00e1 neste evento de refer\u00eancia com um stand de 40 m2 repleto de novidades, onde mostrar\u00e1 as suas inova\u00e7\u00f5es nas tecnologias de marca\u00e7\u00e3o laser, riscagem e micro ponto.<\/p>\n<p class=\"zw-paragraph\" data-margin-bottom=\"0pt\" data-line-height=\"1\">Esperamos por si no pavilh\u00e3o 16, stand E31, onde teremos todo o prazer em receb\u00ea-lo.<\/p>\n<p class=\"zw-paragraph\" data-linerule=\"auto\" data-line-height=\"1.0791666666666666\" data-margin-bottom=\"8.0pt\" data-doc-id=\"4361867000013597011\" data-doc-type=\"writer\">Se necessitar de ajuda ou de mais informa\u00e7\u00f5es, contacte-nos atrav\u00e9s do seguinte endere\u00e7o eletr\u00f3nico: couth@couth.com ou www.couth.com.<\/p>\n<p>[\/et_pb_text][et_pb_button button_url=&#8221;https:\/\/www.couth.com\/pt-pt\/solucoes-a-medida\/&#8221; button_text=&#8221;Descubra as nossas solu\u00e7\u00f5es&#8221; button_alignment=&#8221;center&#8221; _builder_version=&#8221;4.17.6&#8243; _module_preset=&#8221;default&#8221; custom_button=&#8221;on&#8221; button_border_radius=&#8221;5px&#8221; global_colors_info=&#8221;{}&#8221; theme_builder_area=&#8221;post_content&#8221;][\/et_pb_button][\/et_pb_column][\/et_pb_row][\/et_pb_section]<\/p>\n","protected":false},"excerpt":{"rendered":"<p>&#8220;Innovate Manufacturing&#8221; \u00e9 o novo lema da EMO Hannover 2023, que se celebrar\u00e1 de 18 a 23 de setembro na Messe Hannover, e que abordar\u00e1 os principais desafios que a ind\u00fastria enfrentar\u00e1 nos pr\u00f3ximos meses e anos. A COUTH participar\u00e1 neste evento de refer\u00eancia com um stand de 40 m2 repleto de novidades, onde mostrar\u00e1 [&hellip;]<\/p>\n","protected":false},"author":9,"featured_media":28486,"comment_status":"open","ping_status":"open","sticky":false,"template":"","format":"standard","meta":{"_et_pb_use_builder":"on","_et_pb_old_content":"","_et_gb_content_width":"","footnotes":""},"categories":[421],"tags":[],"class_list":["post-28452","post","type-post","status-publish","format-standard","has-post-thumbnail","hentry","category-noticias-pt-pt-2"],"_links":{"self":[{"href":"https:\/\/www.couth.com\/pt-pt\/wp-json\/wp\/v2\/posts\/28452","targetHints":{"allow":["GET"]}}],"collection":[{"href":"https:\/\/www.couth.com\/pt-pt\/wp-json\/wp\/v2\/posts"}],"about":[{"href":"https:\/\/www.couth.com\/pt-pt\/wp-json\/wp\/v2\/types\/post"}],"author":[{"embeddable":true,"href":"https:\/\/www.couth.com\/pt-pt\/wp-json\/wp\/v2\/users\/9"}],"replies":[{"embeddable":true,"href":"https:\/\/www.couth.com\/pt-pt\/wp-json\/wp\/v2\/comments?post=28452"}],"version-history":[{"count":11,"href":"https:\/\/www.couth.com\/pt-pt\/wp-json\/wp\/v2\/posts\/28452\/revisions"}],"predecessor-version":[{"id":28526,"href":"https:\/\/www.couth.com\/pt-pt\/wp-json\/wp\/v2\/posts\/28452\/revisions\/28526"}],"wp:featuredmedia":[{"embeddable":true,"href":"https:\/\/www.couth.com\/pt-pt\/wp-json\/wp\/v2\/media\/28486"}],"wp:attachment":[{"href":"https:\/\/www.couth.com\/pt-pt\/wp-json\/wp\/v2\/media?parent=28452"}],"wp:term":[{"taxonomy":"category","embeddable":true,"href":"https:\/\/www.couth.com\/pt-pt\/wp-json\/wp\/v2\/categories?post=28452"},{"taxonomy":"post_tag","embeddable":true,"href":"https:\/\/www.couth.com\/pt-pt\/wp-json\/wp\/v2\/tags?post=28452"}],"curies":[{"name":"wp","href":"https:\/\/api.w.org\/{rel}","templated":true}]}}