{"id":26072,"date":"2022-12-20T11:59:05","date_gmt":"2022-12-20T09:59:05","guid":{"rendered":"https:\/\/www.couth.com\/o-grupo-couth-expande-a-sua-presenca-internacional-com-a-abertura-de-uma-filial-em-turim-italia\/"},"modified":"2022-12-20T16:08:12","modified_gmt":"2022-12-20T14:08:12","slug":"o-grupo-couth-expande-a-sua-presenca-internacional-com-a-abertura-de-uma-filial-em-turim-italia","status":"publish","type":"post","link":"https:\/\/www.couth.com\/pt-pt\/o-grupo-couth-expande-a-sua-presenca-internacional-com-a-abertura-de-uma-filial-em-turim-italia\/","title":{"rendered":"O Grupo COUTH expande a sua presen\u00e7a internacional com a abertura de uma filial em Turim (It\u00e1lia)"},"content":{"rendered":"<p>[et_pb_section fb_built=&#8221;1&#8243; admin_label=&#8221;section&#8221; _builder_version=&#8221;4.16&#8243; global_colors_info=&#8221;{}&#8221; theme_builder_area=&#8221;post_content&#8221;][et_pb_row admin_label=&#8221;row&#8221; _builder_version=&#8221;4.16&#8243; background_size=&#8221;initial&#8221; background_position=&#8221;top_left&#8221; background_repeat=&#8221;repeat&#8221; global_colors_info=&#8221;{}&#8221; theme_builder_area=&#8221;post_content&#8221;][et_pb_column type=&#8221;4_4&#8243; _builder_version=&#8221;4.16&#8243; custom_padding=&#8221;|||&#8221; global_colors_info=&#8221;{}&#8221; custom_padding__hover=&#8221;|||&#8221; theme_builder_area=&#8221;post_content&#8221;][et_pb_text _builder_version=&#8221;4.17.6&#8243; _module_preset=&#8221;default&#8221; hover_enabled=&#8221;0&#8243; global_colors_info=&#8221;{}&#8221; theme_builder_area=&#8221;post_content&#8221; sticky_enabled=&#8221;0&#8243;]<\/p>\n<p><img decoding=\"async\" data-src=\"https:\/\/www.couth.com\/wp-content\/uploads\/2022\/12\/DSC9832-scaled.jpg\" width=\"2560\" height=\"1707\" alt=\"\" class=\"wp-image-26052 alignnone size-full lazyload\" data-srcset=\"https:\/\/www.couth.com\/wp-content\/uploads\/2022\/12\/DSC9832-scaled.jpg 2560w, https:\/\/www.couth.com\/wp-content\/uploads\/2022\/12\/DSC9832-1280x854.jpg 1280w, https:\/\/www.couth.com\/wp-content\/uploads\/2022\/12\/DSC9832-980x653.jpg 980w, https:\/\/www.couth.com\/wp-content\/uploads\/2022\/12\/DSC9832-480x320.jpg 480w\" data-sizes=\"(min-width: 0px) and (max-width: 480px) 480px, (min-width: 481px) and (max-width: 980px) 980px, (min-width: 981px) and (max-width: 1280px) 1280px, (min-width: 1281px) 2560px, 100vw\" src=\"data:image\/svg+xml;base64,PHN2ZyB3aWR0aD0iMSIgaGVpZ2h0PSIxIiB4bWxucz0iaHR0cDovL3d3dy53My5vcmcvMjAwMC9zdmciPjwvc3ZnPg==\" style=\"--smush-placeholder-width: 2560px; --smush-placeholder-aspect-ratio: 2560\/1707;\" \/><\/p>\n<ul>\n<li><b><\/b><strong><b>A nova filial da E2M COUTH Vision Systems, S.L.U. em Turim iniciar\u00e1 as opera\u00e7\u00f5es em janeiro de 2023.<\/b><\/strong><\/li>\n<li><b><\/b><strong><b>A abertura faz parte do plano estrat\u00e9gico da empresa com sede em Gipuzkoa, centrado no investimento em I&amp;D e na expans\u00e3o geogr\u00e1fica internacional.<\/b><\/strong><\/li>\n<li><b><\/b><strong><b>A sua abertura permitir\u00e1 ao Grupo avan\u00e7ar no seu objetivo de continuar a crescer no campo da marca\u00e7\u00e3o por tecnologia laser e dos sistemas de vis\u00e3o artificial inteligente.<\/b><\/strong><\/li>\n<\/ul>\n<p><strong><b>Hernani, 14 de dezembro de 2022<\/b><\/strong>\u00a0&#8211; O grupo industrial <u>COUTH<\/u>, l\u00edder em marca\u00e7\u00e3o e rastreabilidade industrial e sistemas de vis\u00e3o artificial inteligente, com sede em Hernani, anunciou a <strong><b>abertura de uma nova filial em It\u00e1lia, que entrar\u00e1 em funcionamento a 1 de janeiro de 2023<\/b><\/strong>\u00a0e que representa a expans\u00e3o da presen\u00e7a internacional do grupo sedeado em Gipuzkoa.<\/p>\n<p>&#8220;Com o nosso estabelecimento em It\u00e1lia &#8211; explica Jos\u00e9 Antonio Erdozia, CEO do Grupo COUTH &#8211; estamos empenhados em trazer e garantir a excel\u00eancia do nosso servi\u00e7o t\u00e9cnico e aconselhamento profissional aos nossos clientes neste mercado que \u00e9 t\u00e3o importante para n\u00f3s, onde est\u00e3o localizados fabricantes importantes nos nossos setores alvo&#8221;.<\/p>\n<p>A abertura do escrit\u00f3rio de Turim permitir-nos-\u00e1 oferecer um servi\u00e7o \u00f3timo ao mercado italiano, bem como oferecer a carteira de produtos COUTH e E2M COUTH, centrada na marca\u00e7\u00e3o e rastreabilidade industrial, bem como sistemas de vis\u00e3o para inspe\u00e7\u00e3o, orienta\u00e7\u00e3o e rejei\u00e7\u00e3o para diferentes setores como o autom\u00f3vel, bebidas, alimentar, farmac\u00eautico e outras \u00e1reas industriais.<\/p>\n<p>Esta \u00e9 tamb\u00e9m a primeira a\u00e7\u00e3o conjunta de ambas as empresas no mercado internacional desde que a empresa basca adquiriu a empresa catal\u00e3.<\/p>\n<p>A COUTH, que iniciou a sua atividade em 1954, \u00e9 especialista em marca\u00e7\u00e3o industrial e rastreabilidade com <strong><b>presen\u00e7a em 66 pa\u00edses, para os quais exporta 84% do seu volume de neg\u00f3cios.<\/b><\/strong><\/p>\n<p><strong><u>www.<\/u><\/strong><strong><u><b>couth<\/b><\/u><\/strong><strong><u>.<\/u><\/strong><strong><u><b>com<\/b><\/u><\/strong><\/p>\n<p>[\/et_pb_text][\/et_pb_column][\/et_pb_row][\/et_pb_section]<\/p>\n","protected":false},"excerpt":{"rendered":"<p>A nova filial da E2M COUTH Vision Systems, S.L.U. em Turim iniciar\u00e1 as opera\u00e7\u00f5es em janeiro de 2023. A abertura faz parte do plano estrat\u00e9gico da empresa com sede em Gipuzkoa, centrado no investimento em I&amp;D e na expans\u00e3o geogr\u00e1fica internacional. A sua abertura permitir\u00e1 ao Grupo avan\u00e7ar no seu objetivo de continuar a crescer [&hellip;]<\/p>\n","protected":false},"author":9,"featured_media":26052,"comment_status":"open","ping_status":"open","sticky":false,"template":"","format":"standard","meta":{"_et_pb_use_builder":"on","_et_pb_old_content":"","_et_gb_content_width":"","footnotes":""},"categories":[53],"tags":[],"class_list":["post-26072","post","type-post","status-publish","format-standard","has-post-thumbnail","hentry","category-sem-categoria"],"_links":{"self":[{"href":"https:\/\/www.couth.com\/pt-pt\/wp-json\/wp\/v2\/posts\/26072","targetHints":{"allow":["GET"]}}],"collection":[{"href":"https:\/\/www.couth.com\/pt-pt\/wp-json\/wp\/v2\/posts"}],"about":[{"href":"https:\/\/www.couth.com\/pt-pt\/wp-json\/wp\/v2\/types\/post"}],"author":[{"embeddable":true,"href":"https:\/\/www.couth.com\/pt-pt\/wp-json\/wp\/v2\/users\/9"}],"replies":[{"embeddable":true,"href":"https:\/\/www.couth.com\/pt-pt\/wp-json\/wp\/v2\/comments?post=26072"}],"version-history":[{"count":3,"href":"https:\/\/www.couth.com\/pt-pt\/wp-json\/wp\/v2\/posts\/26072\/revisions"}],"predecessor-version":[{"id":26097,"href":"https:\/\/www.couth.com\/pt-pt\/wp-json\/wp\/v2\/posts\/26072\/revisions\/26097"}],"wp:featuredmedia":[{"embeddable":true,"href":"https:\/\/www.couth.com\/pt-pt\/wp-json\/wp\/v2\/media\/26052"}],"wp:attachment":[{"href":"https:\/\/www.couth.com\/pt-pt\/wp-json\/wp\/v2\/media?parent=26072"}],"wp:term":[{"taxonomy":"category","embeddable":true,"href":"https:\/\/www.couth.com\/pt-pt\/wp-json\/wp\/v2\/categories?post=26072"},{"taxonomy":"post_tag","embeddable":true,"href":"https:\/\/www.couth.com\/pt-pt\/wp-json\/wp\/v2\/tags?post=26072"}],"curies":[{"name":"wp","href":"https:\/\/api.w.org\/{rel}","templated":true}]}}