{"id":28442,"date":"2023-09-05T12:01:42","date_gmt":"2023-09-05T10:01:42","guid":{"rendered":"https:\/\/www.couth.com\/couth-estara-presente-en-la-feria-emo-hannover-2023\/"},"modified":"2023-09-08T13:09:56","modified_gmt":"2023-09-08T11:09:56","slug":"couth-estara-presente-en-la-feria-emo-hannover-2023","status":"publish","type":"post","link":"https:\/\/www.couth.com\/it\/couth-estara-presente-en-la-feria-emo-hannover-2023\/","title":{"rendered":"COUTH sar\u00e0 presente alla fiera EMO di Hannover 2023"},"content":{"rendered":"<p>[et_pb_section fb_built=&#8221;1&#8243; admin_label=&#8221;section&#8221; _builder_version=&#8221;4.16&#8243; global_colors_info=&#8221;{}&#8221; theme_builder_area=&#8221;post_content&#8221;][et_pb_row admin_label=&#8221;row&#8221; _builder_version=&#8221;4.16&#8243; background_size=&#8221;initial&#8221; background_position=&#8221;top_left&#8221; background_repeat=&#8221;repeat&#8221; global_colors_info=&#8221;{}&#8221; theme_builder_area=&#8221;post_content&#8221;][et_pb_column type=&#8221;4_4&#8243; _builder_version=&#8221;4.16&#8243; custom_padding=&#8221;|||&#8221; global_colors_info=&#8221;{}&#8221; custom_padding__hover=&#8221;|||&#8221; theme_builder_area=&#8221;post_content&#8221;][et_pb_text _builder_version=&#8221;4.17.6&#8243; _module_preset=&#8221;default&#8221; hover_enabled=&#8221;0&#8243; global_colors_info=&#8221;{}&#8221; theme_builder_area=&#8221;post_content&#8221; sticky_enabled=&#8221;0&#8243;]<\/p>\n<p class=\"zw-paragraph\" data-margin-bottom=\"0pt\" data-line-height=\"1\" data-doc-id=\"4361867000014021075\" data-doc-type=\"writer\">&#8220;Innovate Manufacturing&#8221; \u00e8 il nuovo motto della EMO di Hannover 2023, che si terr\u00e0 dal 18 al 23 settembre presso la Messe Hannover; nella stessa si affronteranno le sfide principali del settore nei prossimi mesi e anni.<\/p>\n<p class=\"zw-paragraph\" data-margin-bottom=\"0pt\" data-line-height=\"1\">COUTH parteciper\u00e0 a questo evento di riferimento con uno stand di 40 m2 ricco di novit\u00e0, in cui presenter\u00e0 le sue innovazioni nelle tecnologie di marcatura laser, graffiatura e micropunti.<\/p>\n<p class=\"zw-paragraph\" data-margin-bottom=\"0pt\" data-line-height=\"1\">Vi aspettiamo al padiglione 16, stand E31, dove saremo lieti di ricevervi.<\/p>\n<p class=\"zw-paragraph\" data-margin-bottom=\"0pt\" data-line-height=\"1\">Contattateci se avete bisogno di aiuto o di ulteriori informazioni al seguente indirizzo e-mail: <a href=\"mailto:couth@couth.com\">couth@couth.com<\/a> o all&#8217;indirizzo <a href=\"https:\/\/www.couth.com\/it\/\">www.couth.com<\/a>.<\/p>\n<p>[\/et_pb_text][et_pb_button button_url=&#8221;https:\/\/www.couth.com\/it\/soluzioni-su-misura\/&#8221; button_text=&#8221;Scopri le nostre soluzioni&#8221; button_alignment=&#8221;center&#8221; _builder_version=&#8221;4.17.6&#8243; _module_preset=&#8221;default&#8221; custom_button=&#8221;on&#8221; button_border_radius=&#8221;5px&#8221; global_colors_info=&#8221;{}&#8221; theme_builder_area=&#8221;post_content&#8221;][\/et_pb_button][\/et_pb_column][\/et_pb_row][\/et_pb_section]<\/p>\n","protected":false},"excerpt":{"rendered":"<p>&#8220;Innovate Manufacturing&#8221; \u00e8 il nuovo motto della EMO di Hannover 2023, che si terr\u00e0 dal 18 al 23 settembre presso la Messe Hannover; nella stessa si affronteranno le sfide principali del settore nei prossimi mesi e anni. COUTH parteciper\u00e0 a questo evento di riferimento con uno stand di 40 m2 ricco di novit\u00e0, in cui [&hellip;]<\/p>\n","protected":false},"author":9,"featured_media":28485,"comment_status":"open","ping_status":"open","sticky":false,"template":"","format":"standard","meta":{"_et_pb_use_builder":"on","_et_pb_old_content":"","_et_gb_content_width":"","footnotes":""},"categories":[420],"tags":[],"class_list":["post-28442","post","type-post","status-publish","format-standard","has-post-thumbnail","hentry","category-notizie"],"_links":{"self":[{"href":"https:\/\/www.couth.com\/it\/wp-json\/wp\/v2\/posts\/28442","targetHints":{"allow":["GET"]}}],"collection":[{"href":"https:\/\/www.couth.com\/it\/wp-json\/wp\/v2\/posts"}],"about":[{"href":"https:\/\/www.couth.com\/it\/wp-json\/wp\/v2\/types\/post"}],"author":[{"embeddable":true,"href":"https:\/\/www.couth.com\/it\/wp-json\/wp\/v2\/users\/9"}],"replies":[{"embeddable":true,"href":"https:\/\/www.couth.com\/it\/wp-json\/wp\/v2\/comments?post=28442"}],"version-history":[{"count":16,"href":"https:\/\/www.couth.com\/it\/wp-json\/wp\/v2\/posts\/28442\/revisions"}],"predecessor-version":[{"id":28528,"href":"https:\/\/www.couth.com\/it\/wp-json\/wp\/v2\/posts\/28442\/revisions\/28528"}],"wp:featuredmedia":[{"embeddable":true,"href":"https:\/\/www.couth.com\/it\/wp-json\/wp\/v2\/media\/28485"}],"wp:attachment":[{"href":"https:\/\/www.couth.com\/it\/wp-json\/wp\/v2\/media?parent=28442"}],"wp:term":[{"taxonomy":"category","embeddable":true,"href":"https:\/\/www.couth.com\/it\/wp-json\/wp\/v2\/categories?post=28442"},{"taxonomy":"post_tag","embeddable":true,"href":"https:\/\/www.couth.com\/it\/wp-json\/wp\/v2\/tags?post=28442"}],"curies":[{"name":"wp","href":"https:\/\/api.w.org\/{rel}","templated":true}]}}