{"id":35194,"date":"2025-06-12T12:23:45","date_gmt":"2025-06-12T10:23:45","guid":{"rendered":"https:\/\/www.couth.com\/couth-rd-obtient-laccreditation-en-tant-quunite-de-rd-dentreprise-au-sein-du-reseau-basque-de-science-technologie-et-innovation\/"},"modified":"2025-06-13T11:19:05","modified_gmt":"2025-06-13T09:19:05","slug":"couth-rd-obtient-laccreditation-en-tant-quunite-de-rd-dentreprise-au-sein-du-reseau-basque-de-science-technologie-et-innovation","status":"publish","type":"post","link":"https:\/\/www.couth.com\/fr\/couth-rd-obtient-laccreditation-en-tant-quunite-de-rd-dentreprise-au-sein-du-reseau-basque-de-science-technologie-et-innovation\/","title":{"rendered":"COUTH R&#038;D obtient l\u2019accr\u00e9ditation en tant qu\u2019Unit\u00e9 de R&#038;D d\u2019Entreprise au sein du R\u00e9seau Basque de Science, Technologie et Innovation"},"content":{"rendered":"<p>[et_pb_section fb_built=\u00a0\u00bb1&Prime; admin_label=\u00a0\u00bbsection\u00a0\u00bb _builder_version=\u00a0\u00bb4.16&Prime; global_colors_info=\u00a0\u00bb{}\u00a0\u00bb theme_builder_area=\u00a0\u00bbpost_content\u00a0\u00bb][et_pb_row admin_label=\u00a0\u00bbrow\u00a0\u00bb _builder_version=\u00a0\u00bb4.16&Prime; background_size=\u00a0\u00bbinitial\u00a0\u00bb background_position=\u00a0\u00bbtop_left\u00a0\u00bb background_repeat=\u00a0\u00bbrepeat\u00a0\u00bb global_colors_info=\u00a0\u00bb{}\u00a0\u00bb theme_builder_area=\u00a0\u00bbpost_content\u00a0\u00bb][et_pb_column type=\u00a0\u00bb4_4&Prime; _builder_version=\u00a0\u00bb4.16&Prime; custom_padding=\u00a0\u00bb|||\u00a0\u00bb global_colors_info=\u00a0\u00bb{}\u00a0\u00bb custom_padding__hover=\u00a0\u00bb|||\u00a0\u00bb theme_builder_area=\u00a0\u00bbpost_content\u00a0\u00bb][et_pb_image src=\u00a0\u00bbhttps:\/\/www.couth.com\/wp-content\/uploads\/2025\/06\/presentaciones-couth-blog-post-1206.jpg\u00a0\u00bb _builder_version=\u00a0\u00bb4.27.0&Prime; _module_preset=\u00a0\u00bbdefault\u00a0\u00bb theme_builder_area=\u00a0\u00bbpost_content\u00a0\u00bb title_text=\u00a0\u00bbpresentaciones-couth-blog-post-1206&Prime; hover_enabled=\u00a0\u00bb0&Prime; sticky_enabled=\u00a0\u00bb0&Prime;][\/et_pb_image][et_pb_text admin_label=\u00a0\u00bbTexto\u00a0\u00bb _builder_version=\u00a0\u00bb4.27.0&Prime; _module_preset=\u00a0\u00bbdefault\u00a0\u00bb vertical_offset_tablet=\u00a0\u00bb0&Prime; horizontal_offset_tablet=\u00a0\u00bb0&Prime; z_index_tablet=\u00a0\u00bb0&Prime; text_text_shadow_horizontal_length_tablet=\u00a0\u00bb0px\u00a0\u00bb text_text_shadow_vertical_length_tablet=\u00a0\u00bb0px\u00a0\u00bb text_text_shadow_blur_strength_tablet=\u00a0\u00bb1px\u00a0\u00bb link_text_shadow_horizontal_length_tablet=\u00a0\u00bb0px\u00a0\u00bb link_text_shadow_vertical_length_tablet=\u00a0\u00bb0px\u00a0\u00bb link_text_shadow_blur_strength_tablet=\u00a0\u00bb1px\u00a0\u00bb ul_text_shadow_horizontal_length_tablet=\u00a0\u00bb0px\u00a0\u00bb ul_text_shadow_vertical_length_tablet=\u00a0\u00bb0px\u00a0\u00bb ul_text_shadow_blur_strength_tablet=\u00a0\u00bb1px\u00a0\u00bb ol_text_shadow_horizontal_length_tablet=\u00a0\u00bb0px\u00a0\u00bb ol_text_shadow_vertical_length_tablet=\u00a0\u00bb0px\u00a0\u00bb ol_text_shadow_blur_strength_tablet=\u00a0\u00bb1px\u00a0\u00bb quote_text_shadow_horizontal_length_tablet=\u00a0\u00bb0px\u00a0\u00bb quote_text_shadow_vertical_length_tablet=\u00a0\u00bb0px\u00a0\u00bb quote_text_shadow_blur_strength_tablet=\u00a0\u00bb1px\u00a0\u00bb header_text_shadow_horizontal_length_tablet=\u00a0\u00bb0px\u00a0\u00bb header_text_shadow_vertical_length_tablet=\u00a0\u00bb0px\u00a0\u00bb header_text_shadow_blur_strength_tablet=\u00a0\u00bb1px\u00a0\u00bb header_2_text_shadow_horizontal_length_tablet=\u00a0\u00bb0px\u00a0\u00bb header_2_text_shadow_vertical_length_tablet=\u00a0\u00bb0px\u00a0\u00bb header_2_text_shadow_blur_strength_tablet=\u00a0\u00bb1px\u00a0\u00bb header_3_text_shadow_horizontal_length_tablet=\u00a0\u00bb0px\u00a0\u00bb header_3_text_shadow_vertical_length_tablet=\u00a0\u00bb0px\u00a0\u00bb header_3_text_shadow_blur_strength_tablet=\u00a0\u00bb1px\u00a0\u00bb header_4_text_shadow_horizontal_length_tablet=\u00a0\u00bb0px\u00a0\u00bb header_4_text_shadow_vertical_length_tablet=\u00a0\u00bb0px\u00a0\u00bb header_4_text_shadow_blur_strength_tablet=\u00a0\u00bb1px\u00a0\u00bb header_5_text_shadow_horizontal_length_tablet=\u00a0\u00bb0px\u00a0\u00bb header_5_text_shadow_vertical_length_tablet=\u00a0\u00bb0px\u00a0\u00bb header_5_text_shadow_blur_strength_tablet=\u00a0\u00bb1px\u00a0\u00bb header_6_text_shadow_horizontal_length_tablet=\u00a0\u00bb0px\u00a0\u00bb header_6_text_shadow_vertical_length_tablet=\u00a0\u00bb0px\u00a0\u00bb header_6_text_shadow_blur_strength_tablet=\u00a0\u00bb1px\u00a0\u00bb box_shadow_horizontal_tablet=\u00a0\u00bb0px\u00a0\u00bb box_shadow_vertical_tablet=\u00a0\u00bb0px\u00a0\u00bb box_shadow_blur_tablet=\u00a0\u00bb40px\u00a0\u00bb box_shadow_spread_tablet=\u00a0\u00bb0px\u00a0\u00bb global_colors_info=\u00a0\u00bb{}\u00a0\u00bb theme_builder_area=\u00a0\u00bbpost_content\u00a0\u00bb]<\/p>\n<p class=\"zw-paragraph\" data-linerule=\"auto\" data-line-height=\"1\" data-textformat=\"{&quot;ff&quot;:&quot;Segoe UI&quot;,&quot;type&quot;:&quot;text&quot;}\" data-margin-bottom=\"5.0pt\" data-margin-top=\"5.0pt\" data-window-control-info=\"true\" data-doc-id=\"4361867000016621050\" data-doc-type=\"writer\"><strong>[Hernani, 3 juin 2025]<\/strong> \u2014 L\u2019entreprise COUTH R&amp;D a \u00e9t\u00e9 accr\u00e9dit\u00e9e en tant qu\u2019Unit\u00e9 de Recherche et D\u00e9veloppement d\u2019Entreprise int\u00e9gr\u00e9e au R\u00e9seau Basque de Science, Technologie et Innovation (RVCTI), une reconnaissance qui consolide son engagement en faveur de la recherche appliqu\u00e9e, du d\u00e9veloppement technologique et de l\u2019innovation dans le domaine industriel.<\/p>\n<p class=\"zw-paragraph\" data-linerule=\"auto\" data-line-height=\"1\" data-textformat=\"{&quot;ff&quot;:&quot;Segoe UI&quot;,&quot;type&quot;:&quot;text&quot;}\" data-margin-bottom=\"5.0pt\" data-margin-top=\"5.0pt\" data-window-control-info=\"true\">Cette accr\u00e9ditation, octroy\u00e9e par le Gouvernement Basque \u2013 Eusko Jaurlaritza, reconna\u00eet COUTH R&amp;D comme un acteur cl\u00e9 de l\u2019\u00e9cosyst\u00e8me basque de l\u2019innovation, capable de g\u00e9n\u00e9rer un savoir technologique diff\u00e9renciant et de collaborer strat\u00e9giquement avec des centres technologiques, des universit\u00e9s et d\u2019autres organismes pour le d\u00e9veloppement de solutions avanc\u00e9es.<\/p>\n<p class=\"zw-paragraph\" data-linerule=\"auto\" data-line-height=\"1\" data-textformat=\"{&quot;ff&quot;:&quot;Segoe UI&quot;,&quot;type&quot;:&quot;text&quot;}\" data-margin-bottom=\"5.0pt\" data-margin-top=\"5.0pt\" data-window-control-info=\"true\">\u00ab Cette accr\u00e9ditation certifie non seulement l\u2019excellence technique de notre \u00e9quipe, mais renforce \u00e9galement notre capacit\u00e9 \u00e0 diriger des projets d\u2019innovation \u00e0 fort impact et \u00e0 acc\u00e9der \u00e0 de nouvelles opportunit\u00e9s de collaboration dans le cadre du RVCTI \u00bb, a d\u00e9clar\u00e9 Nassouh Chehayeb, directeur de COUTH R&amp;D.<\/p>\n<p class=\"zw-paragraph\" data-linerule=\"auto\" data-line-height=\"1\" data-textformat=\"{&quot;ff&quot;:&quot;Segoe UI&quot;,&quot;type&quot;:&quot;text&quot;}\" data-margin-bottom=\"5.0pt\" data-margin-top=\"5.0pt\" data-window-control-info=\"true\">Avec plus de 70 ans d\u2019exp\u00e9rience dans le d\u00e9veloppement de solutions industrielles de tra\u00e7abilit\u00e9 et de vision artificielle intelligente appliqu\u00e9e aux processus de production, le groupe COUTH Industries renforce, avec COUTH R&amp;D, son positionnement technologique, en accord avec les d\u00e9fis de l\u2019industrie 4.0, de la digitalisation et de la durabilit\u00e9.<\/p>\n<p class=\"zw-paragraph\" data-linerule=\"auto\" data-line-height=\"1\" data-textformat=\"{&quot;ff&quot;:&quot;Segoe UI&quot;,&quot;type&quot;:&quot;text&quot;}\" data-margin-bottom=\"5.0pt\" data-margin-top=\"5.0pt\" data-window-control-info=\"true\">L\u2019int\u00e9gration au sein du RVCTI permettra \u00e0 COUTH R&amp;D de poursuivre le d\u00e9veloppement de projets industriels \u00e0 forte valeur ajout\u00e9e, d\u2019optimiser ses capacit\u00e9s de transfert de connaissances et de renforcer son r\u00e9seau d\u2019alliances strat\u00e9giques.<\/p>\n<hr class=\"zw-hr\" data-hr-info=\"{&quot;borders&quot;:{&quot;border-top&quot;:{&quot;color&quot;:&quot;rgb(0,0,0)&quot;,&quot;width&quot;:&quot;1px&quot;,&quot;type&quot;:&quot;solid&quot;,&quot;space&quot;:&quot;0px&quot;}},&quot;type&quot;:&quot;hr&quot;}\" \/>\n<p class=\"zw-paragraph\" data-linerule=\"auto\" data-line-height=\"1\" data-textformat=\"{&quot;ff&quot;:&quot;Segoe UI&quot;,&quot;type&quot;:&quot;text&quot;}\" data-margin-bottom=\"0.0pt\" data-window-control-info=\"true\"><span class=\"EOP\">\u00a0<\/span><\/p>\n<p class=\"zw-paragraph\" data-linerule=\"auto\" data-line-height=\"1\" data-textformat=\"{&quot;ff&quot;:&quot;Segoe UI&quot;,&quot;type&quot;:&quot;text&quot;}\" data-margin-bottom=\"5.0pt\" data-margin-top=\"5.0pt\" data-window-control-info=\"true\"><strong>\u00c0 propos de COUTH R&amp;D<\/strong><\/p>\n<p>COUTH R&amp;D est l\u2019unit\u00e9 de R&amp;D de COUTH Industries, sp\u00e9cialis\u00e9e dans le d\u00e9veloppement de technologies avanc\u00e9es pour les syst\u00e8mes de marquage industriel, la tra\u00e7abilit\u00e9, la vision artificielle intelligente et les solutions de digitalisation pour des secteurs tels que l\u2019automobile, l\u2019\u00e9nergie, l\u2019a\u00e9ronautique, l\u2019agroalimentaire, les boissons, le secteur pharmaceutique et la fabrication avanc\u00e9e.<\/p>\n<p>[\/et_pb_text][\/et_pb_column][\/et_pb_row][\/et_pb_section]<\/p>\n","protected":false},"excerpt":{"rendered":"<p>[Hernani, 3 juin 2025] \u2014 L\u2019entreprise COUTH R&amp;D a \u00e9t\u00e9 accr\u00e9dit\u00e9e en tant qu\u2019Unit\u00e9 de Recherche et D\u00e9veloppement d\u2019Entreprise int\u00e9gr\u00e9e au R\u00e9seau Basque de Science, Technologie et Innovation (RVCTI), une reconnaissance qui consolide son engagement en faveur de la recherche appliqu\u00e9e, du d\u00e9veloppement technologique et de l\u2019innovation dans le domaine industriel. Cette accr\u00e9ditation, octroy\u00e9e par [&hellip;]<\/p>\n","protected":false},"author":1,"featured_media":35179,"comment_status":"open","ping_status":"open","sticky":false,"template":"","format":"standard","meta":{"_et_pb_use_builder":"on","_et_pb_old_content":"","_et_gb_content_width":"","footnotes":""},"categories":[50],"tags":[],"class_list":["post-35194","post","type-post","status-publish","format-standard","has-post-thumbnail","hentry","category-non-classifiee"],"_links":{"self":[{"href":"https:\/\/www.couth.com\/fr\/wp-json\/wp\/v2\/posts\/35194","targetHints":{"allow":["GET"]}}],"collection":[{"href":"https:\/\/www.couth.com\/fr\/wp-json\/wp\/v2\/posts"}],"about":[{"href":"https:\/\/www.couth.com\/fr\/wp-json\/wp\/v2\/types\/post"}],"author":[{"embeddable":true,"href":"https:\/\/www.couth.com\/fr\/wp-json\/wp\/v2\/users\/1"}],"replies":[{"embeddable":true,"href":"https:\/\/www.couth.com\/fr\/wp-json\/wp\/v2\/comments?post=35194"}],"version-history":[{"count":17,"href":"https:\/\/www.couth.com\/fr\/wp-json\/wp\/v2\/posts\/35194\/revisions"}],"predecessor-version":[{"id":35269,"href":"https:\/\/www.couth.com\/fr\/wp-json\/wp\/v2\/posts\/35194\/revisions\/35269"}],"wp:featuredmedia":[{"embeddable":true,"href":"https:\/\/www.couth.com\/fr\/wp-json\/wp\/v2\/media\/35179"}],"wp:attachment":[{"href":"https:\/\/www.couth.com\/fr\/wp-json\/wp\/v2\/media?parent=35194"}],"wp:term":[{"taxonomy":"category","embeddable":true,"href":"https:\/\/www.couth.com\/fr\/wp-json\/wp\/v2\/categories?post=35194"},{"taxonomy":"post_tag","embeddable":true,"href":"https:\/\/www.couth.com\/fr\/wp-json\/wp\/v2\/tags?post=35194"}],"curies":[{"name":"wp","href":"https:\/\/api.w.org\/{rel}","templated":true}]}}