{"id":28428,"date":"2023-09-05T12:01:42","date_gmt":"2023-09-05T10:01:42","guid":{"rendered":"https:\/\/www.couth.com\/couth-estara-presente-en-la-feria-emo-hannover-2023\/"},"modified":"2023-09-08T13:12:57","modified_gmt":"2023-09-08T11:12:57","slug":"couth-estara-presente-en-la-feria-emo-hannover-2023","status":"publish","type":"post","link":"https:\/\/www.couth.com\/fr\/couth-estara-presente-en-la-feria-emo-hannover-2023\/","title":{"rendered":"COUTH sera pr\u00e9sente au salon EMO Hannover 2023"},"content":{"rendered":"<p>[et_pb_section fb_built=\u00a0\u00bb1&Prime; admin_label=\u00a0\u00bbsection\u00a0\u00bb _builder_version=\u00a0\u00bb4.16&Prime; global_colors_info=\u00a0\u00bb{}\u00a0\u00bb theme_builder_area=\u00a0\u00bbpost_content\u00a0\u00bb][et_pb_row admin_label=\u00a0\u00bbrow\u00a0\u00bb _builder_version=\u00a0\u00bb4.16&Prime; background_size=\u00a0\u00bbinitial\u00a0\u00bb background_position=\u00a0\u00bbtop_left\u00a0\u00bb background_repeat=\u00a0\u00bbrepeat\u00a0\u00bb global_colors_info=\u00a0\u00bb{}\u00a0\u00bb theme_builder_area=\u00a0\u00bbpost_content\u00a0\u00bb][et_pb_column type=\u00a0\u00bb4_4&Prime; _builder_version=\u00a0\u00bb4.16&Prime; custom_padding=\u00a0\u00bb|||\u00a0\u00bb global_colors_info=\u00a0\u00bb{}\u00a0\u00bb custom_padding__hover=\u00a0\u00bb|||\u00a0\u00bb theme_builder_area=\u00a0\u00bbpost_content\u00a0\u00bb][et_pb_text _builder_version=\u00a0\u00bb4.17.6&Prime; _module_preset=\u00a0\u00bbdefault\u00a0\u00bb hover_enabled=\u00a0\u00bb0&Prime; global_colors_info=\u00a0\u00bb{}\u00a0\u00bb theme_builder_area=\u00a0\u00bbpost_content\u00a0\u00bb sticky_enabled=\u00a0\u00bb0&Prime;]<\/p>\n<p class=\"zw-paragraph\" data-margin-bottom=\"0pt\" data-line-height=\"1\">Sous le nouveau slogan \u00ab Innovate Manufacturing \u00bb, l\u2019EMO Hannover 2023 se tiendra \u00e0 la Hannover Messe de Hanovre du 18 au 23 septembre et abordera les principaux enjeux auxquels sera confront\u00e9e l\u2019industrie dans les mois et les ann\u00e9es \u00e0 venir.<\/p>\n<p class=\"zw-paragraph\" data-margin-bottom=\"0pt\" data-line-height=\"1\">La compagnie COUTH participera \u00e0 cet \u00e9v\u00e9nement majeur du secteur avec un stand de 40 m2 plein de nouveaut\u00e9s et o\u00f9 elle pr\u00e9sentera notamment ses innovations dans le domaine des technologies de marquage laser, rayage et micro-percussion.<\/p>\n<p class=\"zw-paragraph\" data-margin-bottom=\"0pt\" data-line-height=\"1\">Nous vous attendons dans le pavillon 16, stand E31, o\u00f9 nous serons ravis de vous accueillir.<\/p>\n<p class=\"zw-paragraph\" data-margin-bottom=\"0pt\" data-line-height=\"1\">Contactez-nous si vous avez besoin d\u2019aide ou d\u2019informations suppl\u00e9mentaires \u00e0 l&rsquo;adresse mail <a href=\"mailto:couth@couth.com\">couth@couth.com<\/a> ou consultez le site <a href=\"https:\/\/www.couth.com\/fr\/\">www.couth.com<\/a>.<\/p>\n<p>[\/et_pb_text][et_pb_button button_url=\u00a0\u00bbhttps:\/\/www.couth.com\/fr\/solutions-sur-mesure\/\u00a0\u00bb button_text=\u00a0\u00bbD\u00e9couvrez nos solutions\u00a0\u00bb button_alignment=\u00a0\u00bbcenter\u00a0\u00bb _builder_version=\u00a0\u00bb4.17.6&Prime; _module_preset=\u00a0\u00bbdefault\u00a0\u00bb custom_button=\u00a0\u00bbon\u00a0\u00bb button_border_radius=\u00a0\u00bb5px\u00a0\u00bb global_colors_info=\u00a0\u00bb{}\u00a0\u00bb theme_builder_area=\u00a0\u00bbpost_content\u00a0\u00bb][\/et_pb_button][\/et_pb_column][\/et_pb_row][\/et_pb_section]<\/p>\n","protected":false},"excerpt":{"rendered":"<p>Sous le nouveau slogan \u00ab Innovate Manufacturing \u00bb, l\u2019EMO Hannover 2023 se tiendra \u00e0 la Hannover Messe de Hanovre du 18 au 23 septembre et abordera les principaux enjeux auxquels sera confront\u00e9e l\u2019industrie dans les mois et les ann\u00e9es \u00e0 venir. La compagnie COUTH participera \u00e0 cet \u00e9v\u00e9nement majeur du secteur avec un stand de [&hellip;]<\/p>\n","protected":false},"author":9,"featured_media":28483,"comment_status":"open","ping_status":"open","sticky":false,"template":"","format":"standard","meta":{"_et_pb_use_builder":"on","_et_pb_old_content":"","_et_gb_content_width":"","footnotes":""},"categories":[422],"tags":[],"class_list":["post-28428","post","type-post","status-publish","format-standard","has-post-thumbnail","hentry","category-actualites"],"_links":{"self":[{"href":"https:\/\/www.couth.com\/fr\/wp-json\/wp\/v2\/posts\/28428","targetHints":{"allow":["GET"]}}],"collection":[{"href":"https:\/\/www.couth.com\/fr\/wp-json\/wp\/v2\/posts"}],"about":[{"href":"https:\/\/www.couth.com\/fr\/wp-json\/wp\/v2\/types\/post"}],"author":[{"embeddable":true,"href":"https:\/\/www.couth.com\/fr\/wp-json\/wp\/v2\/users\/9"}],"replies":[{"embeddable":true,"href":"https:\/\/www.couth.com\/fr\/wp-json\/wp\/v2\/comments?post=28428"}],"version-history":[{"count":17,"href":"https:\/\/www.couth.com\/fr\/wp-json\/wp\/v2\/posts\/28428\/revisions"}],"predecessor-version":[{"id":28522,"href":"https:\/\/www.couth.com\/fr\/wp-json\/wp\/v2\/posts\/28428\/revisions\/28522"}],"wp:featuredmedia":[{"embeddable":true,"href":"https:\/\/www.couth.com\/fr\/wp-json\/wp\/v2\/media\/28483"}],"wp:attachment":[{"href":"https:\/\/www.couth.com\/fr\/wp-json\/wp\/v2\/media?parent=28428"}],"wp:term":[{"taxonomy":"category","embeddable":true,"href":"https:\/\/www.couth.com\/fr\/wp-json\/wp\/v2\/categories?post=28428"},{"taxonomy":"post_tag","embeddable":true,"href":"https:\/\/www.couth.com\/fr\/wp-json\/wp\/v2\/tags?post=28428"}],"curies":[{"name":"wp","href":"https:\/\/api.w.org\/{rel}","templated":true}]}}