{"id":26060,"date":"2022-12-20T11:51:04","date_gmt":"2022-12-20T09:51:04","guid":{"rendered":"https:\/\/www.couth.com\/le-groupe-couth-elargit-sa-presence-internationale-en-ouvrant-une-filiale-a-turin-italie\/"},"modified":"2022-12-20T11:51:06","modified_gmt":"2022-12-20T09:51:06","slug":"le-groupe-couth-elargit-sa-presence-internationale-en-ouvrant-une-filiale-a-turin-italie","status":"publish","type":"post","link":"https:\/\/www.couth.com\/fr\/le-groupe-couth-elargit-sa-presence-internationale-en-ouvrant-une-filiale-a-turin-italie\/","title":{"rendered":"Le groupe Couth \u00e9largit sa pr\u00e9sence internationale en ouvrant une filiale \u00e0 Turin (Italie)"},"content":{"rendered":"<p>[et_pb_section fb_built=\u00a0\u00bb1&Prime; admin_label=\u00a0\u00bbsection\u00a0\u00bb _builder_version=\u00a0\u00bb4.16&Prime; global_colors_info=\u00a0\u00bb{}\u00a0\u00bb][et_pb_row admin_label=\u00a0\u00bbrow\u00a0\u00bb _builder_version=\u00a0\u00bb4.16&Prime; background_size=\u00a0\u00bbinitial\u00a0\u00bb background_position=\u00a0\u00bbtop_left\u00a0\u00bb background_repeat=\u00a0\u00bbrepeat\u00a0\u00bb global_colors_info=\u00a0\u00bb{}\u00a0\u00bb][et_pb_column type=\u00a0\u00bb4_4&Prime; _builder_version=\u00a0\u00bb4.16&Prime; custom_padding=\u00a0\u00bb|||\u00a0\u00bb global_colors_info=\u00a0\u00bb{}\u00a0\u00bb custom_padding__hover=\u00a0\u00bb|||\u00a0\u00bb][et_pb_text _builder_version=\u00a0\u00bb4.17.6&Prime; _module_preset=\u00a0\u00bbdefault\u00a0\u00bb hover_enabled=\u00a0\u00bb0&Prime; sticky_enabled=\u00a0\u00bb0&Prime;]<img decoding=\"async\" class=\"wp-image-26047 alignnone size-medium lazyload\" data-src=\"https:\/\/www.couth.com\/wp-content\/uploads\/2022\/12\/DSC9832-300x200.jpg\" alt=\"\" width=\"300\" height=\"200\" src=\"data:image\/svg+xml;base64,PHN2ZyB3aWR0aD0iMSIgaGVpZ2h0PSIxIiB4bWxucz0iaHR0cDovL3d3dy53My5vcmcvMjAwMC9zdmciPjwvc3ZnPg==\" style=\"--smush-placeholder-width: 300px; --smush-placeholder-aspect-ratio: 300\/200;\" \/><\/p>\n<ul>\n<li><strong>La nouvelle filiale d\u2019E2M COUTH Vision Systems, S.L.U. \u00e0 Turin d\u00e9butera ses activit\u00e9s en janvier 2023.<\/strong><\/li>\n<li><strong>Son ouverture s\u2019inscrit dans le cadre du plan strat\u00e9gique de la compagnie de Guip\u00fazcoa, ax\u00e9 sur l\u2019investissement en R&amp;D et sur son expansion g\u00e9ographique internationale.<\/strong><\/li>\n<li><strong>Cette action permettra au groupe de poursuivre ses objectifs de croissance dans la branche du marquage laser et des syst\u00e8mes de vision artificielle intelligente.<\/strong><\/li>\n<\/ul>\n<p><strong><b>\u00a0<\/b><\/strong><strong>Hernani, le 14 d\u00e9cembre 2022.- <\/strong>Le groupe industriel <a href=\"https:\/\/www.couth.com\/fr\"><u>COUTH<\/u><\/a>, leader en marquage, tra\u00e7abilit\u00e9 industrielle et syst\u00e8mes de vision artificielle intelligente, dont le si\u00e8ge est situ\u00e9 \u00e0 Hernani, au Pays basque espagnol, a annonc\u00e9 l\u2019<strong>ouverture d\u2019une nouvelle filiale en Italie qui entrera en fonctionnement le 1<\/strong><strong><sup>er<\/sup><\/strong><strong>\u00a0janvier 2023<\/strong>, un nouveau pas qui vient \u00e9largir la pr\u00e9sence internationale du groupe basque.<\/p>\n<p>\u00ab\u00a0\u00c0 travers notre implantation en Italie, nous explique\u00a0Jos\u00e9 Antonio Erdozia, CEO du groupe COUTH, nous misons sur davantage de proximit\u00e9 au client et sur la garantie de l\u2019excellence de notre service technique et du conseil professionnel \u00e0 nos clients sur ce march\u00e9 cl\u00e9 pour notre activit\u00e9, o\u00f9 sont situ\u00e9s d\u2019importants fabricants de nos secteurs cibles\u00a0\u00bb.<\/p>\n<p>L\u2019ouverture de la d\u00e9l\u00e9gation \u00e0 Turin nous permettra d\u2019offrir un service optimal au march\u00e9 italien et un portefeuille de produits de COUTH et D\u2019E2M COUTH centr\u00e9 sur le marquage industriel et la tra\u00e7abilit\u00e9, ainsi que sur les syst\u00e8mes de vision pour les op\u00e9rations d\u2019inspection, orientation et \u00e9jection, dirig\u00e9s \u00e0 diff\u00e9rents secteurs comme l\u2019automobile, les boissons, l\u2019alimentation, l\u2019industrie pharmaceutique et d\u2019autres secteurs industriels.<\/p>\n<p>C&rsquo;est aussi la premi\u00e8re action conjointe de nos deux compagnies sur le march\u00e9 international, depuis que la compagnie basque a fait l\u2019acquisition de l&rsquo;entreprise catalane.<\/p>\n<p>Le groupe COUTH\u00ae, qui a d\u00e9but\u00e9 son activit\u00e9 en 1954, est sp\u00e9cialiste du marquage et de la tra\u00e7abilit\u00e9 industrielle avec une <strong><b>pr\u00e9sence dans 66 pays, vers lesquels il exporte 84\u00a0% de son chiffre d\u2019affaires.<\/b><\/strong>\/\/<\/p>\n<p><a href=\"https:\/\/www.couth.com\/fr\"><strong><u>www.couth.com<\/u><\/strong><\/a>[\/et_pb_text][\/et_pb_column][\/et_pb_row][\/et_pb_section]<\/p>\n","protected":false},"excerpt":{"rendered":"<p>La nouvelle filiale d\u2019E2M COUTH Vision Systems, S.L.U. \u00e0 Turin d\u00e9butera ses activit\u00e9s en janvier 2023. Son ouverture s\u2019inscrit dans le cadre du plan strat\u00e9gique de la compagnie de Guip\u00fazcoa, ax\u00e9 sur l\u2019investissement en R&amp;D et sur son expansion g\u00e9ographique internationale. Cette action permettra au groupe de poursuivre ses objectifs de croissance dans la branche [&hellip;]<\/p>\n","protected":false},"author":9,"featured_media":26049,"comment_status":"open","ping_status":"open","sticky":false,"template":"","format":"standard","meta":{"_et_pb_use_builder":"on","_et_pb_old_content":"","_et_gb_content_width":"","footnotes":""},"categories":[50],"tags":[],"class_list":["post-26060","post","type-post","status-publish","format-standard","has-post-thumbnail","hentry","category-non-classifiee"],"_links":{"self":[{"href":"https:\/\/www.couth.com\/fr\/wp-json\/wp\/v2\/posts\/26060","targetHints":{"allow":["GET"]}}],"collection":[{"href":"https:\/\/www.couth.com\/fr\/wp-json\/wp\/v2\/posts"}],"about":[{"href":"https:\/\/www.couth.com\/fr\/wp-json\/wp\/v2\/types\/post"}],"author":[{"embeddable":true,"href":"https:\/\/www.couth.com\/fr\/wp-json\/wp\/v2\/users\/9"}],"replies":[{"embeddable":true,"href":"https:\/\/www.couth.com\/fr\/wp-json\/wp\/v2\/comments?post=26060"}],"version-history":[{"count":2,"href":"https:\/\/www.couth.com\/fr\/wp-json\/wp\/v2\/posts\/26060\/revisions"}],"predecessor-version":[{"id":26062,"href":"https:\/\/www.couth.com\/fr\/wp-json\/wp\/v2\/posts\/26060\/revisions\/26062"}],"wp:featuredmedia":[{"embeddable":true,"href":"https:\/\/www.couth.com\/fr\/wp-json\/wp\/v2\/media\/26049"}],"wp:attachment":[{"href":"https:\/\/www.couth.com\/fr\/wp-json\/wp\/v2\/media?parent=26060"}],"wp:term":[{"taxonomy":"category","embeddable":true,"href":"https:\/\/www.couth.com\/fr\/wp-json\/wp\/v2\/categories?post=26060"},{"taxonomy":"post_tag","embeddable":true,"href":"https:\/\/www.couth.com\/fr\/wp-json\/wp\/v2\/tags?post=26060"}],"curies":[{"name":"wp","href":"https:\/\/api.w.org\/{rel}","templated":true}]}}