{"id":28464,"date":"2023-09-05T12:01:42","date_gmt":"2023-09-05T10:01:42","guid":{"rendered":"https:\/\/www.couth.com\/couth-estara-presente-en-la-feria-emo-hannover-2023\/"},"modified":"2023-09-08T13:15:17","modified_gmt":"2023-09-08T11:15:17","slug":"couth-estara-presente-en-la-feria-emo-hannover-2023","status":"publish","type":"post","link":"https:\/\/www.couth.com\/es-mx\/couth-estara-presente-en-la-feria-emo-hannover-2023\/","title":{"rendered":"COUTH estar\u00e1 presente en la feria EMO Hannover 2023"},"content":{"rendered":"<p>[et_pb_section fb_built=&#8221;1&#8243; admin_label=&#8221;section&#8221; _builder_version=&#8221;4.16&#8243; global_colors_info=&#8221;{}&#8221; theme_builder_area=&#8221;post_content&#8221;][et_pb_row admin_label=&#8221;row&#8221; _builder_version=&#8221;4.16&#8243; background_size=&#8221;initial&#8221; background_position=&#8221;top_left&#8221; background_repeat=&#8221;repeat&#8221; global_colors_info=&#8221;{}&#8221; theme_builder_area=&#8221;post_content&#8221;][et_pb_column type=&#8221;4_4&#8243; _builder_version=&#8221;4.16&#8243; custom_padding=&#8221;|||&#8221; global_colors_info=&#8221;{}&#8221; custom_padding__hover=&#8221;|||&#8221; theme_builder_area=&#8221;post_content&#8221;][et_pb_text _builder_version=&#8221;4.17.6&#8243; _module_preset=&#8221;default&#8221; hover_enabled=&#8221;0&#8243; global_colors_info=&#8221;{}&#8221; theme_builder_area=&#8221;post_content&#8221; sticky_enabled=&#8221;0&#8243;]<\/p>\n<p class=\"zw-paragraph\" data-linerule=\"auto\" data-line-height=\"1.0791666666666666\" data-margin-bottom=\"8.0pt\" data-doc-id=\"4361867000013597011\" data-doc-type=\"writer\">\u201cInnovate Manufacturing\u201d es el nuevo lema de la EMO Hannover 2023, que se celebrar\u00e1 del 18 al 23 de septiembre en Messe Hannover, y en ella se abordar\u00e1n los principales retos a los que se enfrenta la industria en los pr\u00f3ximos meses y a\u00f1os.<\/p>\n<p class=\"zw-paragraph\" data-margin-bottom=\"0pt\" data-line-height=\"1\">COUTH participar\u00e1 en este evento de referencia con un stand de 40 m2 lleno de novedades, en el que mostrar\u00e1 sus innovaciones en las tecnolog\u00edas de marcado l\u00e1ser, rayado y micropunto.<\/p>\n<p class=\"zw-paragraph\" data-margin-bottom=\"0pt\" data-line-height=\"1\">Te esperamos en el pabell\u00f3n 16, stand E31, donde estaremos encantados de recibirte.<\/p>\n<p>Contacta con nosotros si necesitas ayuda o m\u00e1s informaci\u00f3n en la siguiente direcci\u00f3n de e-mail: <a href=\"mailto:couth@couth.com\">couth@couth.com<\/a>\u00a0 o en <a href=\"https:\/\/www.couth.com\/es-mx\/\">www.couth.com<\/a>.<\/p>\n<p>[\/et_pb_text][et_pb_button button_url=&#8221;https:\/\/www.couth.com\/es-mx\/soluciones-a-medida\/&#8221; button_text=&#8221;Descubre nuestras soluciones&#8221; button_alignment=&#8221;center&#8221; _builder_version=&#8221;4.17.6&#8243; _module_preset=&#8221;default&#8221; custom_button=&#8221;on&#8221; button_border_radius=&#8221;5px&#8221; global_colors_info=&#8221;{}&#8221; theme_builder_area=&#8221;post_content&#8221;][\/et_pb_button][\/et_pb_column][\/et_pb_row][\/et_pb_section]<\/p>\n","protected":false},"excerpt":{"rendered":"<p>\u201cInnovate Manufacturing\u201d es el nuevo lema de la EMO Hannover 2023, que se celebrar\u00e1 del 18 al 23 de septiembre en Messe Hannover, y en ella se abordar\u00e1n los principales retos a los que se enfrenta la industria en los pr\u00f3ximos meses y a\u00f1os. COUTH participar\u00e1 en este evento de referencia con un stand de [&hellip;]<\/p>\n","protected":false},"author":9,"featured_media":28487,"comment_status":"open","ping_status":"open","sticky":false,"template":"","format":"standard","meta":{"_et_pb_use_builder":"on","_et_pb_old_content":"","_et_gb_content_width":"","footnotes":""},"categories":[267],"tags":[],"class_list":["post-28464","post","type-post","status-publish","format-standard","has-post-thumbnail","hentry","category-noticias-es-mx"],"_links":{"self":[{"href":"https:\/\/www.couth.com\/es-mx\/wp-json\/wp\/v2\/posts\/28464","targetHints":{"allow":["GET"]}}],"collection":[{"href":"https:\/\/www.couth.com\/es-mx\/wp-json\/wp\/v2\/posts"}],"about":[{"href":"https:\/\/www.couth.com\/es-mx\/wp-json\/wp\/v2\/types\/post"}],"author":[{"embeddable":true,"href":"https:\/\/www.couth.com\/es-mx\/wp-json\/wp\/v2\/users\/9"}],"replies":[{"embeddable":true,"href":"https:\/\/www.couth.com\/es-mx\/wp-json\/wp\/v2\/comments?post=28464"}],"version-history":[{"count":9,"href":"https:\/\/www.couth.com\/es-mx\/wp-json\/wp\/v2\/posts\/28464\/revisions"}],"predecessor-version":[{"id":28530,"href":"https:\/\/www.couth.com\/es-mx\/wp-json\/wp\/v2\/posts\/28464\/revisions\/28530"}],"wp:featuredmedia":[{"embeddable":true,"href":"https:\/\/www.couth.com\/es-mx\/wp-json\/wp\/v2\/media\/28487"}],"wp:attachment":[{"href":"https:\/\/www.couth.com\/es-mx\/wp-json\/wp\/v2\/media?parent=28464"}],"wp:term":[{"taxonomy":"category","embeddable":true,"href":"https:\/\/www.couth.com\/es-mx\/wp-json\/wp\/v2\/categories?post=28464"},{"taxonomy":"post_tag","embeddable":true,"href":"https:\/\/www.couth.com\/es-mx\/wp-json\/wp\/v2\/tags?post=28464"}],"curies":[{"name":"wp","href":"https:\/\/api.w.org\/{rel}","templated":true}]}}