{"id":26644,"date":"2023-02-27T14:00:44","date_gmt":"2023-02-27T12:00:44","guid":{"rendered":"https:\/\/www.couth.com\/?p=26644"},"modified":"2023-03-01T14:41:05","modified_gmt":"2023-03-01T12:41:05","slug":"couth-presenta-la-nueva-generacion-de-la-marcadora-u-80x80","status":"publish","type":"post","link":"https:\/\/www.couth.com\/es-mx\/couth-presenta-la-nueva-generacion-de-la-marcadora-u-80x80\/","title":{"rendered":"Couth presenta la nueva generaci\u00f3n de la marcadora u 80&#215;80"},"content":{"rendered":"<p>[et_pb_section fb_built=&#8221;1&#8243; admin_label=&#8221;section&#8221; _builder_version=&#8221;4.16&#8243; global_colors_info=&#8221;{}&#8221;][et_pb_row admin_label=&#8221;row&#8221; _builder_version=&#8221;4.16&#8243; background_size=&#8221;initial&#8221; background_position=&#8221;top_left&#8221; background_repeat=&#8221;repeat&#8221; global_colors_info=&#8221;{}&#8221;][et_pb_column type=&#8221;4_4&#8243; _builder_version=&#8221;4.16&#8243; custom_padding=&#8221;|||&#8221; global_colors_info=&#8221;{}&#8221; custom_padding__hover=&#8221;|||&#8221;][et_pb_text admin_label=&#8221;Text&#8221; _builder_version=&#8221;4.17.6&#8243; background_size=&#8221;initial&#8221; background_position=&#8221;top_left&#8221; background_repeat=&#8221;repeat&#8221; hover_enabled=&#8221;0&#8243; global_colors_info=&#8221;{}&#8221; sticky_enabled=&#8221;0&#8243;]<\/p>\n<p><img decoding=\"async\" class=\"aligncenter wp-image-26682 lazyload\" data-src=\"https:\/\/www.couth.com\/wp-content\/uploads\/2023\/02\/DSC09609-1024X1024_2-1-300x300.jpg\" alt=\"\" width=\"400\" height=\"400\" src=\"data:image\/svg+xml;base64,PHN2ZyB3aWR0aD0iMSIgaGVpZ2h0PSIxIiB4bWxucz0iaHR0cDovL3d3dy53My5vcmcvMjAwMC9zdmciPjwvc3ZnPg==\" style=\"--smush-placeholder-width: 400px; --smush-placeholder-aspect-ratio: 400\/400;\" \/><\/p>\n<p><span style=\"font-weight: 400;\">La b\u00fasqueda de la mejora continua de nuestras soluciones de marcaje industrial unida a nuestra extensa experiencia nos ha llevado al desarrollo de la nueva generaci\u00f3n de la marcadora U 80X80.\u00a0<\/span><\/p>\n<p><span style=\"font-weight: 400;\">La nueva generaci\u00f3n de la U 80&#215;80 tiene un dise\u00f1o de car\u00e1cter modular y est\u00e1 dise\u00f1ada para poder reemplazar a la actual U 80&#215;80. Las mejoras en varios componentes, los nuevos dise\u00f1os en las transmisiones y su f\u00e1cil mantenimiento suponen otras de las muchas ventajas que ofrece esta versi\u00f3n frente a la 80&#215;80 actual.\u00a0<\/span><\/p>\n<p><span style=\"font-weight: 400;\">La marcadora se presenta en 3 modelos diferentes: sin protecci\u00f3n, con protecci\u00f3n de cuero y con protecci\u00f3n de chapas deslizantes.\u00a0<\/span><\/p>\n<p><span style=\"font-weight: 400;\">Si necesitas m\u00e1s informaci\u00f3n sobre esta m\u00e1quina o asesoramiento para poder seleccionar la marcadora m\u00e1s apropiada para ti, puedes contactar con nuestro equipo comercial.\u00a0<\/span><\/p>\n<p>[\/et_pb_text][\/et_pb_column][\/et_pb_row][\/et_pb_section]<\/p>\n","protected":false},"excerpt":{"rendered":"<p>La b\u00fasqueda de la mejora continua de nuestras soluciones de marcaje industrial unida a nuestra extensa experiencia nos ha llevado al desarrollo de la nueva generaci\u00f3n de la marcadora U 80X80.\u00a0 La nueva generaci\u00f3n de la U 80&#215;80 tiene un dise\u00f1o de car\u00e1cter modular y est\u00e1 dise\u00f1ada para poder reemplazar a la actual U 80&#215;80. [&hellip;]<\/p>\n","protected":false},"author":9,"featured_media":26682,"comment_status":"open","ping_status":"open","sticky":false,"template":"","format":"standard","meta":{"_et_pb_use_builder":"on","_et_pb_old_content":"<p><img class=\"aligncenter wp-image-26610\" src=\"https:\/\/www.couth.com\/wp-content\/uploads\/2023\/02\/DSC09609-1024x1024.jpg\" alt=\"\" width=\"400\" height=\"400\" \/><\/p><p><span style=\"font-weight: 400;\">La b\u00fasqueda de la mejora continua de nuestras soluciones de marcaje industrial unida a nuestra extensa experiencia nos ha llevado al desarrollo de la nueva generaci\u00f3n de la marcadora U 80X80.\u00a0<\/span><\/p><p><span style=\"font-weight: 400;\">La nueva generaci\u00f3n de la U 80x80 tiene un dise\u00f1o de car\u00e1cter modular y est\u00e1 dise\u00f1ada para poder reemplazar a la actual U 80x80. Las mejoras en varios componentes, los nuevos dise\u00f1os en las transmisiones y su f\u00e1cil mantenimiento suponen otras de las muchas ventajas que ofrece esta versi\u00f3n frente a la 80x80 actual.\u00a0<\/span><\/p><p><span style=\"font-weight: 400;\">La marcadora se presenta en 3 modelos diferentes: sin protecci\u00f3n, con protecci\u00f3n de cuero y con protecci\u00f3n de chapas deslizantes.\u00a0<\/span><\/p><p><span style=\"font-weight: 400;\">Si necesitas m\u00e1s informaci\u00f3n sobre esta m\u00e1quina o asesoramiento para poder seleccionar la marcadora m\u00e1s apropiada para ti, puedes contactar con nuestro equipo comercial.\u00a0<\/span><\/p>","_et_gb_content_width":"","footnotes":""},"categories":[267,263],"tags":[],"class_list":["post-26644","post","type-post","status-publish","format-standard","has-post-thumbnail","hentry","category-noticias-es-mx","category-uncategorized-es-mx"],"_links":{"self":[{"href":"https:\/\/www.couth.com\/es-mx\/wp-json\/wp\/v2\/posts\/26644","targetHints":{"allow":["GET"]}}],"collection":[{"href":"https:\/\/www.couth.com\/es-mx\/wp-json\/wp\/v2\/posts"}],"about":[{"href":"https:\/\/www.couth.com\/es-mx\/wp-json\/wp\/v2\/types\/post"}],"author":[{"embeddable":true,"href":"https:\/\/www.couth.com\/es-mx\/wp-json\/wp\/v2\/users\/9"}],"replies":[{"embeddable":true,"href":"https:\/\/www.couth.com\/es-mx\/wp-json\/wp\/v2\/comments?post=26644"}],"version-history":[{"count":5,"href":"https:\/\/www.couth.com\/es-mx\/wp-json\/wp\/v2\/posts\/26644\/revisions"}],"predecessor-version":[{"id":26703,"href":"https:\/\/www.couth.com\/es-mx\/wp-json\/wp\/v2\/posts\/26644\/revisions\/26703"}],"wp:featuredmedia":[{"embeddable":true,"href":"https:\/\/www.couth.com\/es-mx\/wp-json\/wp\/v2\/media\/26682"}],"wp:attachment":[{"href":"https:\/\/www.couth.com\/es-mx\/wp-json\/wp\/v2\/media?parent=26644"}],"wp:term":[{"taxonomy":"category","embeddable":true,"href":"https:\/\/www.couth.com\/es-mx\/wp-json\/wp\/v2\/categories?post=26644"},{"taxonomy":"post_tag","embeddable":true,"href":"https:\/\/www.couth.com\/es-mx\/wp-json\/wp\/v2\/tags?post=26644"}],"curies":[{"name":"wp","href":"https:\/\/api.w.org\/{rel}","templated":true}]}}