{"id":26069,"date":"2022-12-20T11:57:09","date_gmt":"2022-12-20T09:57:09","guid":{"rendered":"https:\/\/www.couth.com\/grupo-couth-amplia-su-presencia-internacional-con-la-apertura-de-una-filial-en-turin-italia\/"},"modified":"2024-09-06T09:54:42","modified_gmt":"2024-09-06T07:54:42","slug":"grupo-couth-amplia-su-presencia-internacional-con-la-apertura-de-una-filial-en-turin-italia","status":"publish","type":"post","link":"https:\/\/www.couth.com\/es-mx\/grupo-couth-amplia-su-presencia-internacional-con-la-apertura-de-una-filial-en-turin-italia\/","title":{"rendered":"Grupo COUTH ampl\u00eda su presencia internacional con la apertura de una filial en Tur\u00edn (Italia)"},"content":{"rendered":"<p>[et_pb_section fb_built=&#8221;1&#8243; admin_label=&#8221;section&#8221; _builder_version=&#8221;4.16&#8243; global_colors_info=&#8221;{}&#8221;][et_pb_row admin_label=&#8221;row&#8221; _builder_version=&#8221;4.16&#8243; background_size=&#8221;initial&#8221; background_position=&#8221;top_left&#8221; background_repeat=&#8221;repeat&#8221; global_colors_info=&#8221;{}&#8221;][et_pb_column type=&#8221;4_4&#8243; _builder_version=&#8221;4.16&#8243; custom_padding=&#8221;|||&#8221; global_colors_info=&#8221;{}&#8221; custom_padding__hover=&#8221;|||&#8221;][et_pb_text _builder_version=&#8221;4.17.6&#8243; _module_preset=&#8221;default&#8221; global_colors_info=&#8221;{}&#8221;]<\/p>\n<p><img decoding=\"async\" data-src=\"https:\/\/www.couth.com\/wp-content\/uploads\/2022\/12\/DSC9832-scaled.jpg\" width=\"2560\" height=\"1707\" alt=\"\" class=\"wp-image-26053 alignnone size-full lazyload\" data-srcset=\"https:\/\/www.couth.com\/wp-content\/uploads\/2022\/12\/DSC9832-scaled.jpg 2560w, https:\/\/www.couth.com\/wp-content\/uploads\/2022\/12\/DSC9832-1280x854.jpg 1280w, https:\/\/www.couth.com\/wp-content\/uploads\/2022\/12\/DSC9832-980x653.jpg 980w, https:\/\/www.couth.com\/wp-content\/uploads\/2022\/12\/DSC9832-480x320.jpg 480w\" data-sizes=\"(min-width: 0px) and (max-width: 480px) 480px, (min-width: 481px) and (max-width: 980px) 980px, (min-width: 981px) and (max-width: 1280px) 1280px, (min-width: 1281px) 2560px, 100vw\" src=\"data:image\/svg+xml;base64,PHN2ZyB3aWR0aD0iMSIgaGVpZ2h0PSIxIiB4bWxucz0iaHR0cDovL3d3dy53My5vcmcvMjAwMC9zdmciPjwvc3ZnPg==\" style=\"--smush-placeholder-width: 2560px; --smush-placeholder-aspect-ratio: 2560\/1707;\" \/><\/p>\n<ul>\n<li><b><\/b><strong><b>La nueva filial de E2M COUTH Vision Systems, S.L.U. en Tur\u00edn iniciar\u00e1 sus operaciones en enero de 2023.<\/b><\/strong><\/li>\n<li><b><\/b><strong><b>La apertura se enmarca en el plan estrat\u00e9gico de la compa\u00f1\u00eda guipuzcoana, centrado en la inversi\u00f3n en I+D y en su expansi\u00f3n geogr\u00e1fica internacional.<\/b><\/strong><\/li>\n<li><b><\/b><strong><b>Su apertura permitir\u00e1 al Grupo avanzar en su objetivo de seguir creciendo en la rama de marcado por tecnolog\u00eda l\u00e1ser y sistemas de visi\u00f3n artificial inteligentes.<\/b><\/strong><\/li>\n<\/ul>\n<p><strong><b>\u00a0<\/b><\/strong><\/p>\n<p><strong><b>\u00a0<\/b><\/strong><\/p>\n<p><strong><b>Hernani, 14 de diciembre de 2022.- <\/b><\/strong>El grupo industrial <a href=\"https:\/\/www.couth.com\/es-mx\/\"><u>COUTH<\/u><\/a>, l\u00edder en marcaje y trazabilidad industrial y sistemas de visi\u00f3n artificial inteligente, con sede central en Hernani, ha anunciado la <strong><b>apertura de una nueva filial en Italia que entrar\u00e1 en funcionamiento el 1 de enero de 2023<\/b><\/strong>\u00a0y que supone la ampliaci\u00f3n de la presencia internacional del grupo guipuzcoano.<\/p>\n<p>&nbsp;<\/p>\n<p>\u201cCon nuestra implantaci\u00f3n en Italia &#8211;\u00a0explica\u00a0Jos\u00e9 Antonio Erdozia, CEO del Grupo COUTH- apostamos por acercar y garantizar la excelencia de nuestro servicio t\u00e9cnico y el asesoramiento profesional a nuestros clientes en ese mercado tan importante para nosotros, donde se ubican importantes fabricantes de nuestros sectores objetivo\u201d.<\/p>\n<p>&nbsp;<\/p>\n<p>La apertura de la oficina en Tur\u00edn permitir\u00e1 ofrecer un servicio \u00f3ptimo al mercado italiano, as\u00ed como ofertar el portfolio de productos de COUTH y E2M COUTH, enfocado en el marcaje industrial y la trazabilidad, as\u00ed como en sistemas de visi\u00f3n para la inspecci\u00f3n, orientaci\u00f3n y rechazo para diferentes sectores como automoci\u00f3n, bebidas, alimentaci\u00f3n, farmac\u00e9utico y otras \u00e1reas industriales.<\/p>\n<p>&nbsp;<\/p>\n<p>Se trata, adem\u00e1s, de la primera acci\u00f3n conjunta de ambas compa\u00f1\u00edas en el mercado internacional, desde que la compa\u00f1\u00eda vasca adquiriese la empresa catalana.<\/p>\n<p>&nbsp;<\/p>\n<p>COUTH, que inici\u00f3 su actividad en 1954, es especialista en marcaje y trazabilidad industrial con <strong><b>presencia en 66 pa\u00edses, a los que exporta el 84% de su facturaci\u00f3n.<\/b><\/strong>\/\/<\/p>\n<p><strong><b>\u00a0<\/b><\/strong><\/p>\n<p><a href=\"https:\/\/www.couth.com\/es-mx\/\"><strong><u><b>www.couth.com<\/b><\/u><\/strong><\/a><\/p>\n<p>[\/et_pb_text][\/et_pb_column][\/et_pb_row][\/et_pb_section]<\/p>\n","protected":false},"excerpt":{"rendered":"<p>La nueva filial de E2M COUTH Vision Systems, S.L.U. en Tur\u00edn iniciar\u00e1 sus operaciones en enero de 2023. La apertura se enmarca en el plan estrat\u00e9gico de la compa\u00f1\u00eda guipuzcoana, centrado en la inversi\u00f3n en I+D y en su expansi\u00f3n geogr\u00e1fica internacional. Su apertura permitir\u00e1 al Grupo avanzar en su objetivo de seguir creciendo en [&hellip;]<\/p>\n","protected":false},"author":9,"featured_media":26053,"comment_status":"open","ping_status":"open","sticky":false,"template":"","format":"standard","meta":{"_et_pb_use_builder":"on","_et_pb_old_content":"","_et_gb_content_width":"","footnotes":""},"categories":[263],"tags":[],"class_list":["post-26069","post","type-post","status-publish","format-standard","has-post-thumbnail","hentry","category-uncategorized-es-mx"],"_links":{"self":[{"href":"https:\/\/www.couth.com\/es-mx\/wp-json\/wp\/v2\/posts\/26069","targetHints":{"allow":["GET"]}}],"collection":[{"href":"https:\/\/www.couth.com\/es-mx\/wp-json\/wp\/v2\/posts"}],"about":[{"href":"https:\/\/www.couth.com\/es-mx\/wp-json\/wp\/v2\/types\/post"}],"author":[{"embeddable":true,"href":"https:\/\/www.couth.com\/es-mx\/wp-json\/wp\/v2\/users\/9"}],"replies":[{"embeddable":true,"href":"https:\/\/www.couth.com\/es-mx\/wp-json\/wp\/v2\/comments?post=26069"}],"version-history":[{"count":4,"href":"https:\/\/www.couth.com\/es-mx\/wp-json\/wp\/v2\/posts\/26069\/revisions"}],"predecessor-version":[{"id":32180,"href":"https:\/\/www.couth.com\/es-mx\/wp-json\/wp\/v2\/posts\/26069\/revisions\/32180"}],"wp:featuredmedia":[{"embeddable":true,"href":"https:\/\/www.couth.com\/es-mx\/wp-json\/wp\/v2\/media\/26053"}],"wp:attachment":[{"href":"https:\/\/www.couth.com\/es-mx\/wp-json\/wp\/v2\/media?parent=26069"}],"wp:term":[{"taxonomy":"category","embeddable":true,"href":"https:\/\/www.couth.com\/es-mx\/wp-json\/wp\/v2\/categories?post=26069"},{"taxonomy":"post_tag","embeddable":true,"href":"https:\/\/www.couth.com\/es-mx\/wp-json\/wp\/v2\/tags?post=26069"}],"curies":[{"name":"wp","href":"https:\/\/api.w.org\/{rel}","templated":true}]}}