{"id":26063,"date":"2022-12-20T11:53:07","date_gmt":"2022-12-20T09:53:07","guid":{"rendered":"https:\/\/www.couth.com\/die-couth-gruppe-staerkt-ihre-internationale-praesenz-mit-der-eroeffnung-einer-filiale-in-turin-italien\/"},"modified":"2022-12-20T15:26:34","modified_gmt":"2022-12-20T13:26:34","slug":"die-couth-gruppe-staerkt-ihre-internationale-praesenz-mit-der-eroeffnung-einer-filiale-in-turin-italien","status":"publish","type":"post","link":"https:\/\/www.couth.com\/de\/die-couth-gruppe-staerkt-ihre-internationale-praesenz-mit-der-eroeffnung-einer-filiale-in-turin-italien\/","title":{"rendered":"Die COUTH Gruppe st\u00e4rkt ihre internationale Pr\u00e4senz mit der Er\u00f6ffnung einer Filiale in Turin (Italien)"},"content":{"rendered":"<p>[et_pb_section fb_built=&#8220;1&#8243; admin_label=&#8220;section&#8220; _builder_version=&#8220;4.16&#8243; global_colors_info=&#8220;{}&#8220; theme_builder_area=&#8220;post_content&#8220;][et_pb_row admin_label=&#8220;row&#8220; _builder_version=&#8220;4.16&#8243; background_size=&#8220;initial&#8220; background_position=&#8220;top_left&#8220; background_repeat=&#8220;repeat&#8220; global_colors_info=&#8220;{}&#8220; theme_builder_area=&#8220;post_content&#8220;][et_pb_column type=&#8220;4_4&#8243; _builder_version=&#8220;4.16&#8243; custom_padding=&#8220;|||&#8220; global_colors_info=&#8220;{}&#8220; custom_padding__hover=&#8220;|||&#8220; theme_builder_area=&#8220;post_content&#8220;][et_pb_text _builder_version=&#8220;4.17.6&#8243; _module_preset=&#8220;default&#8220; hover_enabled=&#8220;0&#8243; global_colors_info=&#8220;{}&#8220; theme_builder_area=&#8220;post_content&#8220; sticky_enabled=&#8220;0&#8243;]<\/p>\n<p><img decoding=\"async\" data-src=\"https:\/\/www.couth.com\/wp-content\/uploads\/2022\/12\/DSC9832-scaled.jpg\" width=\"2560\" height=\"1707\" alt=\"\" class=\"wp-image-26050 alignnone size-full lazyload\" data-srcset=\"https:\/\/www.couth.com\/wp-content\/uploads\/2022\/12\/DSC9832-scaled.jpg 2560w, https:\/\/www.couth.com\/wp-content\/uploads\/2022\/12\/DSC9832-1280x854.jpg 1280w, https:\/\/www.couth.com\/wp-content\/uploads\/2022\/12\/DSC9832-980x653.jpg 980w, https:\/\/www.couth.com\/wp-content\/uploads\/2022\/12\/DSC9832-480x320.jpg 480w\" data-sizes=\"(min-width: 0px) and (max-width: 480px) 480px, (min-width: 481px) and (max-width: 980px) 980px, (min-width: 981px) and (max-width: 1280px) 1280px, (min-width: 1281px) 2560px, 100vw\" src=\"data:image\/svg+xml;base64,PHN2ZyB3aWR0aD0iMSIgaGVpZ2h0PSIxIiB4bWxucz0iaHR0cDovL3d3dy53My5vcmcvMjAwMC9zdmciPjwvc3ZnPg==\" style=\"--smush-placeholder-width: 2560px; --smush-placeholder-aspect-ratio: 2560\/1707;\" \/><\/p>\n<ul>\n<li><strong>Die neue Filiale von E2M COUTH Vision Systems, S.L.U. in Turin wird ihre T\u00e4tigkeit im Januar 2023 aufnehmen.<\/strong><\/li>\n<li><strong>Die Er\u00f6ffnung ist Teil des Strategieplans des Unternehmens aus Gipuzkoa, dessen Schwerpunkt Investitionen in F+E sowie die internationale Expansion des Unternehmens ist.<\/strong><\/li>\n<li><strong>Sie ist ein weiterer Schritt der Gruppe im Rahmen ihrer Zielsetzung, ihr Wachstum im Bereich Lasermarkieren und intelligente Computer-Vision-Systeme fortzusetzen.<\/strong><\/li>\n<\/ul>\n<p><strong><b>\u00a0<\/b><\/strong><strong>Hernani, 14. Dezember 2022.- <\/strong>Die industrielle Unternehmensgruppe <a href=\"https:\/\/www.couth.com\/de\/\"><u>COUTH<\/u><\/a>\u00a0mit Sitz in Hernani, f\u00fchrend in den Bereichen Kennzeichnung, industrielle R\u00fcckverfolgung und intelligente Computer-Vision-Systeme, hat die <strong>Er\u00f6ffnung einer neuen Filiale in Italien <\/strong>angek\u00fcndigt,<strong>\u00a0die ihren Betrieb am 1. Januar 2023 aufnehmen wird<\/strong>\u00a0und mit der die internationale Pr\u00e4senz der Unternehmensgruppe aus Gipuzkoa weiter ausgebaut wird.<\/p>\n<p>\u201eMit unserer Niederlassung in Italien\u201c,\u00a0erkl\u00e4rt\u00a0Jos\u00e9 Antonio Erdozia, CEO der COUTH Gruppe, \u201ewollen wir die N\u00e4he unseres technischen Service und der professionellen Beratung unserer Kunden zu diesem f\u00fcr uns so wichtigen Markt mit bedeutenden Herstellern unserer Zielbranchen sicherstellen und die Exzellenz unserer Arbeit garantieren.\u201c<\/p>\n<p>Die Er\u00f6ffnung der Filiale in Turin erm\u00f6glicht es, auf dem italienischen Markt einen optimalen Service sowie die Produktpalette von COUTH und E2M COUTH anzubieten, die auf industrielle Kennzeichnung und R\u00fcckverfolgung sowie auf Visionssysteme f\u00fcr Inspektions-, Ausrichte- und Aussonderungsverfahren f\u00fcr unterschiedliche Sektoren wie Automobilbau, Getr\u00e4nke- und Lebensmittelindustrie, Pharmazie und andere industrielle Bereiche ausgerichtet ist.<\/p>\n<p>Dar\u00fcber hinaus handelt es sich um den ersten gemeinsamen Schritt der beiden Unternehmen auf dem internationalen Markt nach der \u00dcbernahme der katalanischen Gesellschaft durch das baskische Unternehmen.<\/p>\n<p>COUTH begann seine T\u00e4tigkeit im Jahr 1954 und ist als Spezialist f\u00fcr industrielle Markiertechnologien und R\u00fcckverfolgbarkeit <strong>in 66 L\u00e4ndern pr\u00e4sent, in die es 84% seines Umsatzes exportiert.<\/strong>\/\/<\/p>\n<p><strong><b>\u00a0<\/b><\/strong><a href=\"https:\/\/www.couth.com\/de\/\"><strong><u>www.couth.com<\/u><\/strong><\/a><\/p>\n<p>[\/et_pb_text][\/et_pb_column][\/et_pb_row][\/et_pb_section]<\/p>\n","protected":false},"excerpt":{"rendered":"<p>Die neue Filiale von E2M COUTH Vision Systems, S.L.U. in Turin wird ihre T\u00e4tigkeit im Januar 2023 aufnehmen. Die Er\u00f6ffnung ist Teil des Strategieplans des Unternehmens aus Gipuzkoa, dessen Schwerpunkt Investitionen in F+E sowie die internationale Expansion des Unternehmens ist. Sie ist ein weiterer Schritt der Gruppe im Rahmen ihrer Zielsetzung, ihr Wachstum im Bereich [&hellip;]<\/p>\n","protected":false},"author":9,"featured_media":26050,"comment_status":"open","ping_status":"open","sticky":false,"template":"","format":"standard","meta":{"_et_pb_use_builder":"on","_et_pb_old_content":"","_et_gb_content_width":"","footnotes":""},"categories":[48],"tags":[],"class_list":["post-26063","post","type-post","status-publish","format-standard","has-post-thumbnail","hentry","category-unkategorisiert"],"_links":{"self":[{"href":"https:\/\/www.couth.com\/de\/wp-json\/wp\/v2\/posts\/26063","targetHints":{"allow":["GET"]}}],"collection":[{"href":"https:\/\/www.couth.com\/de\/wp-json\/wp\/v2\/posts"}],"about":[{"href":"https:\/\/www.couth.com\/de\/wp-json\/wp\/v2\/types\/post"}],"author":[{"embeddable":true,"href":"https:\/\/www.couth.com\/de\/wp-json\/wp\/v2\/users\/9"}],"replies":[{"embeddable":true,"href":"https:\/\/www.couth.com\/de\/wp-json\/wp\/v2\/comments?post=26063"}],"version-history":[{"count":3,"href":"https:\/\/www.couth.com\/de\/wp-json\/wp\/v2\/posts\/26063\/revisions"}],"predecessor-version":[{"id":26089,"href":"https:\/\/www.couth.com\/de\/wp-json\/wp\/v2\/posts\/26063\/revisions\/26089"}],"wp:featuredmedia":[{"embeddable":true,"href":"https:\/\/www.couth.com\/de\/wp-json\/wp\/v2\/media\/26050"}],"wp:attachment":[{"href":"https:\/\/www.couth.com\/de\/wp-json\/wp\/v2\/media?parent=26063"}],"wp:term":[{"taxonomy":"category","embeddable":true,"href":"https:\/\/www.couth.com\/de\/wp-json\/wp\/v2\/categories?post=26063"},{"taxonomy":"post_tag","embeddable":true,"href":"https:\/\/www.couth.com\/de\/wp-json\/wp\/v2\/tags?post=26063"}],"curies":[{"name":"wp","href":"https:\/\/api.w.org\/{rel}","templated":true}]}}